{"id":3227,"date":"2022-07-07T22:51:35","date_gmt":"2022-07-07T20:51:35","guid":{"rendered":"https:\/\/auslaenderaemter.com\/?p=3227"},"modified":"2022-07-07T22:51:35","modified_gmt":"2022-07-07T20:51:35","slug":"arbeiten-in-deutschland-was-fuer-auslaender-steuerlich-gilt","status":"publish","type":"post","link":"https:\/\/auslaenderaemter.com\/pl\/praca-w-niemczech-jaki-podatek-dotyczy-obcokrajowcow\/","title":{"rendered":"Praca w Niemczech: jakie przepisy podatkowe obowi\u0105zuj\u0105 obcokrajowc\u00f3w"},"content":{"rendered":"<p>Niemcy s\u0105 atrakcyjnym kierunkiem, zar\u00f3wno ekonomicznie, jak i spo\u0142ecznie, dla wielu os\u00f3b, kt\u00f3re chc\u0105 przyjecha\u0107 spoza Niemiec, aby pracowa\u0107 lub mieszka\u0107 w jednym z 16 kraj\u00f3w mi\u0119dzy Alpami a Morzem P\u00f3\u0142nocnym. W zale\u017cno\u015bci od pochodzenia ch\u0119tnych do pracy wymagane s\u0105 r\u00f3\u017cne warunki i obowi\u0105zuj\u0105 r\u00f3\u017cne przepisy podatkowe.<\/p>\n<h2>podstawowe informacje w skr\u00f3cie<\/h2>\n<ul>\n<li><strong>Zasadniczo obowi\u0105zuje nast\u0119puj\u0105ca zasada:<\/strong> Ka\u017cdy, kto pracuje w Niemczech, bez wzgl\u0119du na to, czy jest to osoba z obywatelstwem niemieckim czy zagranicznym, z regu\u0142y musi r\u00f3wnie\u017c w Niemczech p\u0142aci\u0107 podatek dochodowy.<\/li>\n<li><strong>Jaki rodzaj dzia\u0142alno\u015bci<\/strong> jest monitorowany, a to, czy istnieje stosunek umowny z firm\u0105 niemieck\u0105 lub mi\u0119dzynarodow\u0105, jest zasadniczo nieistotne.<\/li>\n<\/ul>\n<h2>Obywatele UE i EOG<\/h2>\n<p>Wszyscy obywatele kraj\u00f3w UE lub EOG maj\u0105 bezpo\u015bredni i nieograniczony dost\u0119p do rynku pracy w Niemczech. Nie potrzebujesz do tego wizy <a href=\"https:\/\/auslaenderaemter.com\/pl\/zezwolenie-na-pobyt\/\">zezwolenie na pobyt<\/a> i podlegaj\u0105 opodatkowaniu podatkiem dochodowym od pocz\u0105tku stosunku pracy.<\/p>\n<h2>obywatele pa\u0144stw trzecich<\/h2>\n<p>Zdecydowanie zaleca si\u0119, aby obywatele pa\u0144stw trzecich: <a href=\"https:\/\/finanzaemter.org\/\">odpowiedzialny urz\u0105d skarbowy<\/a> oraz odwiedzi\u0107 w\u0142adze imigracyjne przed nawi\u0105zaniem stosunku pracy. Potrzebuj\u0105 tzw. zezwolenia na pobyt, kt\u00f3re umo\u017cliwia im dost\u0119p do rynku pracy.<\/p>\n<p>Zezwolenie na prac\u0119 wymagane do wykonywania pracy jest nast\u0119pnie wydawane wraz z zezwoleniem na pobyt przez <a href=\"https:\/\/auslaenderaemter.com\/pl\/\">Biuro zagraniczne<\/a> udzielone, o ile administracja pracy wyrazi\u0142a zgod\u0119 na udzielenie tego zezwolenia.<\/p>\n<h2>imigranci<\/h2>\n<p>Je\u017celi obcokrajowcy przyje\u017cd\u017caj\u0105 do Republiki Federalnej jako imigranci z kraju pochodzenia, z kt\u00f3rym Niemcy nie maj\u0105 porozumienia w sprawie unikania podw\u00f3jnego opodatkowania, dost\u0119p do po\u017c\u0105danej pracy zwykle staje si\u0119 nieco bardziej skomplikowany. Do tej kategorii nale\u017cy wi\u0119kszo\u015b\u0107 kraj\u00f3w w Afryce, ale tak\u017ce w Afganistanie. W zasadzie regulacja ta zwykle dotyczy uchod\u017ac\u00f3w.<\/p>\n<p>Zanim imigranci b\u0119d\u0105 mogli pracowa\u0107 w Niemczech i b\u0119d\u0105 musieli p\u0142aci\u0107 podatki, musz\u0105 najpierw uzyska\u0107 odpowiednie za\u015bwiadczenie o uznaniu i zwolnieniu z podatku <a href=\"https:\/\/auslaenderaemter.com\/pl\/zezwolenie-na-pobyt-2\/\">zezwolenie na pobyt<\/a> osi\u0105ga\u0107. Zgodnie z prawem zezwolenie na prac\u0119 mog\u0105 otrzyma\u0107 tylko osoby uznane.<\/p>\n<h2>pracownicy migruj\u0105cy i pomocnicy<\/h2>\n<p>Wielu zagranicznych pracownik\u00f3w pozostaje w Niemczech tylko przez kilka tygodni. S\u0105 to cz\u0119sto robotnicy przy zbiorach i pracownicy sezonowi, kt\u00f3rzy pracuj\u0105 dla niemieckiego pracodawcy. Rodziny tych kobiet i m\u0119\u017cczyzn zwykle pozostaj\u0105 w kraju ojczystym, a sami pracownicy wracaj\u0105 do domu po zako\u0144czeniu pracy.<\/p>\n<p>Wi\u0119kszo\u015b\u0107 tak zwanych pracownik\u00f3w migruj\u0105cych pochodzi z kraj\u00f3w UE. Masz wtedy ograniczony obowi\u0105zek podatkowy w Niemczech, pomimo swojego miejsca zamieszkania za granic\u0105.<\/p>","protected":false},"excerpt":{"rendered":"<p>Niemcy s\u0105 uwa\u017cane za atrakcyjny kierunek pod wzgl\u0119dem gospodarczym i spo\u0142ecznym dla wielu os\u00f3b, kt\u00f3re chc\u0105 przyjecha\u0107 spoza Republiki Federalnej, aby pracowa\u0107 lub mieszka\u0107 w jednym z 16 kraj\u00f3w po\u0142o\u017conych mi\u0119dzy Alpami a Morzem P\u00f3\u0142nocnym. W zale\u017cno\u015bci od pochodzenia os\u00f3b chc\u0105cych pracowa\u0107, wymagane s\u0105 r\u00f3\u017cne warunki i obowi\u0105zuj\u0105 r\u00f3\u017cne przepisy podatkowe. Najwa\u017cniejsze w skr\u00f3cie Zasadniczo...&nbsp;<a href=\"https:\/\/auslaenderaemter.com\/pl\/praca-w-niemczech-jaki-podatek-dotyczy-obcokrajowcow\/\" rel=\"bookmark\">Czytaj wi\u0119cej \u00bb<span class=\"screen-reader-text\">Praca w Niemczech: jakie przepisy podatkowe obowi\u0105zuj\u0105 obcokrajowc\u00f3w<\/span><\/a><\/p>","protected":false},"author":1,"featured_media":3230,"comment_status":"closed","ping_status":"open","sticky":false,"template":"","format":"standard","meta":{"neve_meta_sidebar":"","neve_meta_container":"","neve_meta_enable_content_width":"off","neve_meta_content_width":70,"neve_meta_title_alignment":"","neve_meta_author_avatar":"","neve_post_elements_order":"","neve_meta_disable_header":"","neve_meta_disable_footer":"","neve_meta_disable_title":"","neve_meta_reading_time":"","footnotes":""},"categories":[3],"tags":[],"class_list":["post-3227","post","type-post","status-publish","format-standard","has-post-thumbnail","hentry","category-wissenswertes"],"yoast_head":"<!-- This site is optimized with the Yoast SEO plugin v27.5 - https:\/\/yoast.com\/product\/yoast-seo-wordpress\/ -->\n<title>Arbeiten in Deutschland: Was f\u00fcr Ausl\u00e4nder steuerlich gilt<\/title>\n<meta name=\"description\" content=\"Abh\u00e4ngig von der Herkunft der arbeitswilligen Menschen sind unterschiedliche Bedingungen und steuerrechtliche Regelungen g\u00fcltig.\" \/>\n<meta name=\"robots\" content=\"index, follow, max-snippet:-1, max-image-preview:large, max-video-preview:-1\" \/>\n<link rel=\"canonical\" href=\"https:\/\/auslaenderaemter.com\/pl\/praca-w-niemczech-jaki-podatek-dotyczy-obcokrajowcow\/\" \/>\n<meta property=\"og:locale\" content=\"pl_PL\" \/>\n<meta property=\"og:type\" content=\"article\" \/>\n<meta property=\"og:title\" content=\"Arbeiten in Deutschland: Was f\u00fcr Ausl\u00e4nder steuerlich gilt\" \/>\n<meta property=\"og:description\" content=\"Abh\u00e4ngig von der Herkunft der arbeitswilligen Menschen sind unterschiedliche Bedingungen und steuerrechtliche Regelungen g\u00fcltig.\" \/>\n<meta property=\"og:url\" content=\"https:\/\/auslaenderaemter.com\/pl\/praca-w-niemczech-jaki-podatek-dotyczy-obcokrajowcow\/\" \/>\n<meta property=\"og:site_name\" content=\"auslaenderaemter.com\" \/>\n<meta property=\"article:published_time\" content=\"2022-07-07T20:51:35+00:00\" \/>\n<meta property=\"og:image\" content=\"https:\/\/auslaenderaemter.com\/wp-content\/uploads\/2022\/07\/woman-g7d8ac1c97_640.jpg\" \/>\n\t<meta property=\"og:image:width\" content=\"640\" \/>\n\t<meta property=\"og:image:height\" content=\"427\" \/>\n\t<meta property=\"og:image:type\" content=\"image\/jpeg\" \/>\n<meta name=\"author\" content=\"Team\" \/>\n<meta name=\"twitter:card\" content=\"summary_large_image\" \/>\n<meta name=\"twitter:label1\" content=\"Napisane przez\" \/>\n\t<meta name=\"twitter:data1\" content=\"Team\" \/>\n\t<meta name=\"twitter:label2\" content=\"Szacowany czas czytania\" \/>\n\t<meta name=\"twitter:data2\" content=\"2 minuty\" \/>\n<script type=\"application\/ld+json\" class=\"yoast-schema-graph\">{\"@context\":\"https:\\\/\\\/schema.org\",\"@graph\":[{\"@type\":\"Article\",\"@id\":\"https:\\\/\\\/auslaenderaemter.com\\\/arbeiten-in-deutschland-was-fuer-auslaender-steuerlich-gilt\\\/#article\",\"isPartOf\":{\"@id\":\"https:\\\/\\\/auslaenderaemter.com\\\/arbeiten-in-deutschland-was-fuer-auslaender-steuerlich-gilt\\\/\"},\"author\":{\"name\":\"Team\",\"@id\":\"https:\\\/\\\/auslaenderaemter.com\\\/#\\\/schema\\\/person\\\/ca8e76d64d9769e26ff1d6d2e2ba1ecc\"},\"headline\":\"Arbeiten in Deutschland: Was f\u00fcr Ausl\u00e4nder steuerlich gilt\",\"datePublished\":\"2022-07-07T20:51:35+00:00\",\"mainEntityOfPage\":{\"@id\":\"https:\\\/\\\/auslaenderaemter.com\\\/arbeiten-in-deutschland-was-fuer-auslaender-steuerlich-gilt\\\/\"},\"wordCount\":430,\"publisher\":{\"@id\":\"https:\\\/\\\/auslaenderaemter.com\\\/#organization\"},\"image\":{\"@id\":\"https:\\\/\\\/auslaenderaemter.com\\\/arbeiten-in-deutschland-was-fuer-auslaender-steuerlich-gilt\\\/#primaryimage\"},\"thumbnailUrl\":\"https:\\\/\\\/auslaenderaemter.com\\\/wp-content\\\/uploads\\\/2022\\\/07\\\/woman-g7d8ac1c97_640.jpg\",\"articleSection\":[\"Wissenswertes\"],\"inLanguage\":\"pl-PL\"},{\"@type\":\"WebPage\",\"@id\":\"https:\\\/\\\/auslaenderaemter.com\\\/arbeiten-in-deutschland-was-fuer-auslaender-steuerlich-gilt\\\/\",\"url\":\"https:\\\/\\\/auslaenderaemter.com\\\/arbeiten-in-deutschland-was-fuer-auslaender-steuerlich-gilt\\\/\",\"name\":\"Arbeiten in Deutschland: Was f\u00fcr Ausl\u00e4nder steuerlich gilt\",\"isPartOf\":{\"@id\":\"https:\\\/\\\/auslaenderaemter.com\\\/#website\"},\"primaryImageOfPage\":{\"@id\":\"https:\\\/\\\/auslaenderaemter.com\\\/arbeiten-in-deutschland-was-fuer-auslaender-steuerlich-gilt\\\/#primaryimage\"},\"image\":{\"@id\":\"https:\\\/\\\/auslaenderaemter.com\\\/arbeiten-in-deutschland-was-fuer-auslaender-steuerlich-gilt\\\/#primaryimage\"},\"thumbnailUrl\":\"https:\\\/\\\/auslaenderaemter.com\\\/wp-content\\\/uploads\\\/2022\\\/07\\\/woman-g7d8ac1c97_640.jpg\",\"datePublished\":\"2022-07-07T20:51:35+00:00\",\"description\":\"Abh\u00e4ngig von der Herkunft der arbeitswilligen Menschen sind unterschiedliche Bedingungen und steuerrechtliche Regelungen g\u00fcltig.\",\"breadcrumb\":{\"@id\":\"https:\\\/\\\/auslaenderaemter.com\\\/arbeiten-in-deutschland-was-fuer-auslaender-steuerlich-gilt\\\/#breadcrumb\"},\"inLanguage\":\"pl-PL\",\"potentialAction\":[{\"@type\":\"ReadAction\",\"target\":[\"https:\\\/\\\/auslaenderaemter.com\\\/arbeiten-in-deutschland-was-fuer-auslaender-steuerlich-gilt\\\/\"]}]},{\"@type\":\"ImageObject\",\"inLanguage\":\"pl-PL\",\"@id\":\"https:\\\/\\\/auslaenderaemter.com\\\/arbeiten-in-deutschland-was-fuer-auslaender-steuerlich-gilt\\\/#primaryimage\",\"url\":\"https:\\\/\\\/auslaenderaemter.com\\\/wp-content\\\/uploads\\\/2022\\\/07\\\/woman-g7d8ac1c97_640.jpg\",\"contentUrl\":\"https:\\\/\\\/auslaenderaemter.com\\\/wp-content\\\/uploads\\\/2022\\\/07\\\/woman-g7d8ac1c97_640.jpg\",\"width\":640,\"height\":427,\"caption\":\"Arbeiten in Deutschland: Was f\u00fcr Ausl\u00e4nder steuerlich gilt\"},{\"@type\":\"BreadcrumbList\",\"@id\":\"https:\\\/\\\/auslaenderaemter.com\\\/arbeiten-in-deutschland-was-fuer-auslaender-steuerlich-gilt\\\/#breadcrumb\",\"itemListElement\":[{\"@type\":\"ListItem\",\"position\":1,\"name\":\"Startseite\",\"item\":\"https:\\\/\\\/auslaenderaemter.com\\\/\"},{\"@type\":\"ListItem\",\"position\":2,\"name\":\"Arbeiten in Deutschland: Was f\u00fcr Ausl\u00e4nder steuerlich gilt\"}]},{\"@type\":\"WebSite\",\"@id\":\"https:\\\/\\\/auslaenderaemter.com\\\/#website\",\"url\":\"https:\\\/\\\/auslaenderaemter.com\\\/\",\"name\":\"auslaenderaemter.com\",\"description\":\"\",\"publisher\":{\"@id\":\"https:\\\/\\\/auslaenderaemter.com\\\/#organization\"},\"potentialAction\":[{\"@type\":\"SearchAction\",\"target\":{\"@type\":\"EntryPoint\",\"urlTemplate\":\"https:\\\/\\\/auslaenderaemter.com\\\/?s={search_term_string}\"},\"query-input\":{\"@type\":\"PropertyValueSpecification\",\"valueRequired\":true,\"valueName\":\"search_term_string\"}}],\"inLanguage\":\"pl-PL\"},{\"@type\":\"Organization\",\"@id\":\"https:\\\/\\\/auslaenderaemter.com\\\/#organization\",\"name\":\"auslaenderaemter.com\",\"url\":\"https:\\\/\\\/auslaenderaemter.com\\\/\",\"logo\":{\"@type\":\"ImageObject\",\"inLanguage\":\"pl-PL\",\"@id\":\"https:\\\/\\\/auslaenderaemter.com\\\/#\\\/schema\\\/logo\\\/image\\\/\",\"url\":\"https:\\\/\\\/auslaenderaemter.com\\\/wp-content\\\/uploads\\\/2021\\\/01\\\/cropped-Vollmond-info-13.png\",\"contentUrl\":\"https:\\\/\\\/auslaenderaemter.com\\\/wp-content\\\/uploads\\\/2021\\\/01\\\/cropped-Vollmond-info-13.png\",\"width\":500,\"height\":117,\"caption\":\"auslaenderaemter.com\"},\"image\":{\"@id\":\"https:\\\/\\\/auslaenderaemter.com\\\/#\\\/schema\\\/logo\\\/image\\\/\"}},{\"@type\":\"Person\",\"@id\":\"https:\\\/\\\/auslaenderaemter.com\\\/#\\\/schema\\\/person\\\/ca8e76d64d9769e26ff1d6d2e2ba1ecc\",\"name\":\"Team\",\"image\":{\"@type\":\"ImageObject\",\"inLanguage\":\"pl-PL\",\"@id\":\"https:\\\/\\\/secure.gravatar.com\\\/avatar\\\/9e758e71d2abc23d9c86aacd2b90bcb49e4c5536ef863603b836ca238775ee31?s=96&d=mm&r=g\",\"url\":\"https:\\\/\\\/secure.gravatar.com\\\/avatar\\\/9e758e71d2abc23d9c86aacd2b90bcb49e4c5536ef863603b836ca238775ee31?s=96&d=mm&r=g\",\"contentUrl\":\"https:\\\/\\\/secure.gravatar.com\\\/avatar\\\/9e758e71d2abc23d9c86aacd2b90bcb49e4c5536ef863603b836ca238775ee31?s=96&d=mm&r=g\",\"caption\":\"Team\"},\"sameAs\":[\"http:\\\/\\\/auslaenderaemter.com\"],\"url\":\"https:\\\/\\\/auslaenderaemter.com\\\/pl\\\/author\\\/andreas\\\/\"}]}<\/script>\n<!-- \/ Yoast SEO plugin. -->","yoast_head_json":{"title":"Praca w Niemczech: jakie przepisy podatkowe obowi\u0105zuj\u0105 obcokrajowc\u00f3w","description":"W zale\u017cno\u015bci od pochodzenia ch\u0119tnych do pracy obowi\u0105zuj\u0105 r\u00f3\u017cne warunki i przepisy podatkowe.","robots":{"index":"index","follow":"follow","max-snippet":"max-snippet:-1","max-image-preview":"max-image-preview:large","max-video-preview":"max-video-preview:-1"},"canonical":"https:\/\/auslaenderaemter.com\/pl\/praca-w-niemczech-jaki-podatek-dotyczy-obcokrajowcow\/","og_locale":"pl_PL","og_type":"article","og_title":"Arbeiten in Deutschland: Was f\u00fcr Ausl\u00e4nder steuerlich gilt","og_description":"Abh\u00e4ngig von der Herkunft der arbeitswilligen Menschen sind unterschiedliche Bedingungen und steuerrechtliche Regelungen g\u00fcltig.","og_url":"https:\/\/auslaenderaemter.com\/pl\/praca-w-niemczech-jaki-podatek-dotyczy-obcokrajowcow\/","og_site_name":"auslaenderaemter.com","article_published_time":"2022-07-07T20:51:35+00:00","og_image":[{"width":640,"height":427,"url":"https:\/\/auslaenderaemter.com\/wp-content\/uploads\/2022\/07\/woman-g7d8ac1c97_640.jpg","type":"image\/jpeg"}],"author":"Team","twitter_card":"summary_large_image","twitter_misc":{"Napisane przez":"Team","Szacowany czas czytania":"2 minuty"},"schema":{"@context":"https:\/\/schema.org","@graph":[{"@type":"Article","@id":"https:\/\/auslaenderaemter.com\/arbeiten-in-deutschland-was-fuer-auslaender-steuerlich-gilt\/#article","isPartOf":{"@id":"https:\/\/auslaenderaemter.com\/arbeiten-in-deutschland-was-fuer-auslaender-steuerlich-gilt\/"},"author":{"name":"Team","@id":"https:\/\/auslaenderaemter.com\/#\/schema\/person\/ca8e76d64d9769e26ff1d6d2e2ba1ecc"},"headline":"Arbeiten in Deutschland: Was f\u00fcr Ausl\u00e4nder steuerlich gilt","datePublished":"2022-07-07T20:51:35+00:00","mainEntityOfPage":{"@id":"https:\/\/auslaenderaemter.com\/arbeiten-in-deutschland-was-fuer-auslaender-steuerlich-gilt\/"},"wordCount":430,"publisher":{"@id":"https:\/\/auslaenderaemter.com\/#organization"},"image":{"@id":"https:\/\/auslaenderaemter.com\/arbeiten-in-deutschland-was-fuer-auslaender-steuerlich-gilt\/#primaryimage"},"thumbnailUrl":"https:\/\/auslaenderaemter.com\/wp-content\/uploads\/2022\/07\/woman-g7d8ac1c97_640.jpg","articleSection":["Wissenswertes"],"inLanguage":"pl-PL"},{"@type":"WebPage","@id":"https:\/\/auslaenderaemter.com\/arbeiten-in-deutschland-was-fuer-auslaender-steuerlich-gilt\/","url":"https:\/\/auslaenderaemter.com\/arbeiten-in-deutschland-was-fuer-auslaender-steuerlich-gilt\/","name":"Praca w Niemczech: jakie przepisy podatkowe obowi\u0105zuj\u0105 obcokrajowc\u00f3w","isPartOf":{"@id":"https:\/\/auslaenderaemter.com\/#website"},"primaryImageOfPage":{"@id":"https:\/\/auslaenderaemter.com\/arbeiten-in-deutschland-was-fuer-auslaender-steuerlich-gilt\/#primaryimage"},"image":{"@id":"https:\/\/auslaenderaemter.com\/arbeiten-in-deutschland-was-fuer-auslaender-steuerlich-gilt\/#primaryimage"},"thumbnailUrl":"https:\/\/auslaenderaemter.com\/wp-content\/uploads\/2022\/07\/woman-g7d8ac1c97_640.jpg","datePublished":"2022-07-07T20:51:35+00:00","description":"W zale\u017cno\u015bci od pochodzenia ch\u0119tnych do pracy obowi\u0105zuj\u0105 r\u00f3\u017cne warunki i przepisy podatkowe.","breadcrumb":{"@id":"https:\/\/auslaenderaemter.com\/arbeiten-in-deutschland-was-fuer-auslaender-steuerlich-gilt\/#breadcrumb"},"inLanguage":"pl-PL","potentialAction":[{"@type":"ReadAction","target":["https:\/\/auslaenderaemter.com\/arbeiten-in-deutschland-was-fuer-auslaender-steuerlich-gilt\/"]}]},{"@type":"ImageObject","inLanguage":"pl-PL","@id":"https:\/\/auslaenderaemter.com\/arbeiten-in-deutschland-was-fuer-auslaender-steuerlich-gilt\/#primaryimage","url":"https:\/\/auslaenderaemter.com\/wp-content\/uploads\/2022\/07\/woman-g7d8ac1c97_640.jpg","contentUrl":"https:\/\/auslaenderaemter.com\/wp-content\/uploads\/2022\/07\/woman-g7d8ac1c97_640.jpg","width":640,"height":427,"caption":"Arbeiten in Deutschland: Was f\u00fcr Ausl\u00e4nder steuerlich gilt"},{"@type":"BreadcrumbList","@id":"https:\/\/auslaenderaemter.com\/arbeiten-in-deutschland-was-fuer-auslaender-steuerlich-gilt\/#breadcrumb","itemListElement":[{"@type":"ListItem","position":1,"name":"Startseite","item":"https:\/\/auslaenderaemter.com\/"},{"@type":"ListItem","position":2,"name":"Arbeiten in Deutschland: Was f\u00fcr Ausl\u00e4nder steuerlich gilt"}]},{"@type":"WebSite","@id":"https:\/\/auslaenderaemter.com\/#website","url":"https:\/\/auslaenderaemter.com\/","name":"auslaenderaemter.com","description":"","publisher":{"@id":"https:\/\/auslaenderaemter.com\/#organization"},"potentialAction":[{"@type":"SearchAction","target":{"@type":"EntryPoint","urlTemplate":"https:\/\/auslaenderaemter.com\/?s={search_term_string}"},"query-input":{"@type":"PropertyValueSpecification","valueRequired":true,"valueName":"search_term_string"}}],"inLanguage":"pl-PL"},{"@type":"Organization","@id":"https:\/\/auslaenderaemter.com\/#organization","name":"auslaenderaemter.com","url":"https:\/\/auslaenderaemter.com\/","logo":{"@type":"ImageObject","inLanguage":"pl-PL","@id":"https:\/\/auslaenderaemter.com\/#\/schema\/logo\/image\/","url":"https:\/\/auslaenderaemter.com\/wp-content\/uploads\/2021\/01\/cropped-Vollmond-info-13.png","contentUrl":"https:\/\/auslaenderaemter.com\/wp-content\/uploads\/2021\/01\/cropped-Vollmond-info-13.png","width":500,"height":117,"caption":"auslaenderaemter.com"},"image":{"@id":"https:\/\/auslaenderaemter.com\/#\/schema\/logo\/image\/"}},{"@type":"Person","@id":"https:\/\/auslaenderaemter.com\/#\/schema\/person\/ca8e76d64d9769e26ff1d6d2e2ba1ecc","name":"zesp\u00f3\u0142","image":{"@type":"ImageObject","inLanguage":"pl-PL","@id":"https:\/\/secure.gravatar.com\/avatar\/9e758e71d2abc23d9c86aacd2b90bcb49e4c5536ef863603b836ca238775ee31?s=96&d=mm&r=g","url":"https:\/\/secure.gravatar.com\/avatar\/9e758e71d2abc23d9c86aacd2b90bcb49e4c5536ef863603b836ca238775ee31?s=96&d=mm&r=g","contentUrl":"https:\/\/secure.gravatar.com\/avatar\/9e758e71d2abc23d9c86aacd2b90bcb49e4c5536ef863603b836ca238775ee31?s=96&d=mm&r=g","caption":"Team"},"sameAs":["http:\/\/auslaenderaemter.com"],"url":"https:\/\/auslaenderaemter.com\/pl\/author\/andreas\/"}]}},"_links":{"self":[{"href":"https:\/\/auslaenderaemter.com\/pl\/wp-json\/wp\/v2\/posts\/3227","targetHints":{"allow":["GET"]}}],"collection":[{"href":"https:\/\/auslaenderaemter.com\/pl\/wp-json\/wp\/v2\/posts"}],"about":[{"href":"https:\/\/auslaenderaemter.com\/pl\/wp-json\/wp\/v2\/types\/post"}],"author":[{"embeddable":true,"href":"https:\/\/auslaenderaemter.com\/pl\/wp-json\/wp\/v2\/users\/1"}],"replies":[{"embeddable":true,"href":"https:\/\/auslaenderaemter.com\/pl\/wp-json\/wp\/v2\/comments?post=3227"}],"version-history":[{"count":0,"href":"https:\/\/auslaenderaemter.com\/pl\/wp-json\/wp\/v2\/posts\/3227\/revisions"}],"wp:featuredmedia":[{"embeddable":true,"href":"https:\/\/auslaenderaemter.com\/pl\/wp-json\/wp\/v2\/media\/3230"}],"wp:attachment":[{"href":"https:\/\/auslaenderaemter.com\/pl\/wp-json\/wp\/v2\/media?parent=3227"}],"wp:term":[{"taxonomy":"category","embeddable":true,"href":"https:\/\/auslaenderaemter.com\/pl\/wp-json\/wp\/v2\/categories?post=3227"},{"taxonomy":"post_tag","embeddable":true,"href":"https:\/\/auslaenderaemter.com\/pl\/wp-json\/wp\/v2\/tags?post=3227"}],"curies":[{"name":"wp","href":"https:\/\/api.w.org\/{rel}","templated":true}]}}